{"id":1694,"date":"2020-10-07T09:35:10","date_gmt":"2020-10-07T13:35:10","guid":{"rendered":"https:\/\/www.raschella.ca\/?p=1694"},"modified":"2020-10-07T09:36:09","modified_gmt":"2020-10-07T13:36:09","slug":"est-ce-mieux-de-vendre-sa-propriete-avant-den-acheter-une-nouvelle","status":"publish","type":"post","link":"https:\/\/www.raschella.ca\/en\/non-classe\/est-ce-mieux-de-vendre-sa-propriete-avant-den-acheter-une-nouvelle\/","title":{"rendered":"(Fran\u00e7ais) Est-ce mieux de vendre sa propri\u00e9t\u00e9 avant d\u2019en acheter une nouvelle?"},"content":{"rendered":"<p class=\"qtranxs-available-languages-message qtranxs-available-languages-message-en\">Sorry, this entry is only available in <a href=\"https:\/\/www.raschella.ca\/fr\/wp-json\/wp\/v2\/posts\/1694\" class=\"qtranxs-available-language-link qtranxs-available-language-link-fr\" title=\"Fran\u00e7ais\">Fran\u00e7ais<\/a>.<\/p>","protected":false},"excerpt":{"rendered":"<p>Sorry, this entry is only available in Fran\u00e7ais.<\/p>\n","protected":false},"author":121,"featured_media":0,"comment_status":"open","ping_status":"open","sticky":false,"template":"","format":"standard","meta":{"_acf_changed":false,"footnotes":""},"categories":[1],"tags":[],"class_list":["post-1694","post","type-post","status-publish","format-standard","hentry","category-non-classe"],"acf":[],"yoast_head":"<!-- This site is optimized with the Yoast SEO plugin v26.7 - https:\/\/yoast.com\/wordpress\/plugins\/seo\/ -->\n<title>(Fran\u00e7ais) Est-ce mieux de vendre sa propri\u00e9t\u00e9 avant d\u2019en acheter une nouvelle? - Charles Raschella - Remax Qu\u00e9bec<\/title>\n<meta name=\"robots\" content=\"index, follow, max-snippet:-1, max-image-preview:large, max-video-preview:-1\" \/>\n<link rel=\"canonical\" href=\"https:\/\/www.raschella.ca\/non-classe\/est-ce-mieux-de-vendre-sa-propriete-avant-den-acheter-une-nouvelle\/\" \/>\n<meta property=\"og:locale\" content=\"en_US\" \/>\n<meta property=\"og:type\" content=\"article\" \/>\n<meta property=\"og:title\" content=\"(Fran\u00e7ais) Est-ce mieux de vendre sa propri\u00e9t\u00e9 avant d\u2019en acheter une nouvelle? - Charles Raschella - Remax Qu\u00e9bec\" \/>\n<meta property=\"og:description\" content=\"Sorry, this entry is only available in Fran\u00e7ais.\" \/>\n<meta property=\"og:url\" content=\"https:\/\/www.raschella.ca\/non-classe\/est-ce-mieux-de-vendre-sa-propriete-avant-den-acheter-une-nouvelle\/\" \/>\n<meta property=\"og:site_name\" content=\"Charles Raschella - Remax Qu\u00e9bec\" \/>\n<meta property=\"article:publisher\" content=\"https:\/\/www.facebook.com\/charlesraschella.remax\" \/>\n<meta property=\"article:published_time\" content=\"2020-10-07T13:35:10+00:00\" \/>\n<meta property=\"article:modified_time\" content=\"2020-10-07T13:36:09+00:00\" \/>\n<meta property=\"og:image\" content=\"https:\/\/www.raschella.ca\/files\/2023\/08\/header_kamelo2022.jpg\" \/><meta property=\"og:image\" content=\"https:\/\/storage.googleapis.com\/marketplace-public\/articles\/6COCxkoITCDRueQ7JUTx5e441b5d6c6c42619f5148550a300207SEA8kBUTkEIW4CgAPcbH.jpg\" \/>\n<meta name=\"author\" content=\"id3tech\" \/>\n<meta name=\"twitter:card\" content=\"summary_large_image\" \/>\n<meta name=\"twitter:image\" content=\"https:\/\/www.raschella.ca\/files\/2023\/08\/header_kamelo2022.jpg\" \/>\n<meta name=\"twitter:label1\" content=\"Written by\" \/>\n\t<meta name=\"twitter:data1\" content=\"id3tech\" \/>\n\t<meta name=\"twitter:label2\" content=\"Est. reading time\" \/>\n\t<meta name=\"twitter:data2\" content=\"3 minutes\" \/>\n<script type=\"application\/ld+json\" class=\"yoast-schema-graph\">{\"@context\":\"https:\/\/schema.org\",\"@graph\":[{\"@type\":\"Article\",\"@id\":\"https:\/\/www.raschella.ca\/non-classe\/est-ce-mieux-de-vendre-sa-propriete-avant-den-acheter-une-nouvelle\/#article\",\"isPartOf\":{\"@id\":\"https:\/\/www.raschella.ca\/non-classe\/est-ce-mieux-de-vendre-sa-propriete-avant-den-acheter-une-nouvelle\/\"},\"author\":{\"name\":\"id3tech\",\"@id\":\"https:\/\/www.raschella.ca\/en\/#\/schema\/person\/1401fdd695e3c07a364b0a942f914432\"},\"headline\":\"(Fran\u00e7ais) Est-ce mieux de vendre sa propri\u00e9t\u00e9 avant d\u2019en acheter une nouvelle?\",\"datePublished\":\"2020-10-07T13:35:10+00:00\",\"dateModified\":\"2020-10-07T13:36:09+00:00\",\"mainEntityOfPage\":{\"@id\":\"https:\/\/www.raschella.ca\/non-classe\/est-ce-mieux-de-vendre-sa-propriete-avant-den-acheter-une-nouvelle\/\"},\"wordCount\":706,\"commentCount\":0,\"publisher\":{\"@id\":\"https:\/\/www.raschella.ca\/en\/#organization\"},\"image\":{\"@id\":\"https:\/\/www.raschella.ca\/non-classe\/est-ce-mieux-de-vendre-sa-propriete-avant-den-acheter-une-nouvelle\/#primaryimage\"},\"thumbnailUrl\":\"https:\/\/storage.googleapis.com\/marketplace-public\/articles\/6COCxkoITCDRueQ7JUTx5e441b5d6c6c42619f5148550a300207SEA8kBUTkEIW4CgAPcbH.jpg\",\"articleSection\":[\"Non class\u00e9\"],\"inLanguage\":\"en-US\",\"potentialAction\":[{\"@type\":\"CommentAction\",\"name\":\"Comment\",\"target\":[\"https:\/\/www.raschella.ca\/non-classe\/est-ce-mieux-de-vendre-sa-propriete-avant-den-acheter-une-nouvelle\/#respond\"]}]},{\"@type\":\"WebPage\",\"@id\":\"https:\/\/www.raschella.ca\/non-classe\/est-ce-mieux-de-vendre-sa-propriete-avant-den-acheter-une-nouvelle\/\",\"url\":\"https:\/\/www.raschella.ca\/non-classe\/est-ce-mieux-de-vendre-sa-propriete-avant-den-acheter-une-nouvelle\/\",\"name\":\"[:fr]Est-ce mieux de vendre sa propri\u00e9t\u00e9 avant d\u2019en acheter une nouvelle?[:] - Charles Raschella - Remax Qu\u00e9bec\",\"isPartOf\":{\"@id\":\"https:\/\/www.raschella.ca\/en\/#website\"},\"primaryImageOfPage\":{\"@id\":\"https:\/\/www.raschella.ca\/non-classe\/est-ce-mieux-de-vendre-sa-propriete-avant-den-acheter-une-nouvelle\/#primaryimage\"},\"image\":{\"@id\":\"https:\/\/www.raschella.ca\/non-classe\/est-ce-mieux-de-vendre-sa-propriete-avant-den-acheter-une-nouvelle\/#primaryimage\"},\"thumbnailUrl\":\"https:\/\/storage.googleapis.com\/marketplace-public\/articles\/6COCxkoITCDRueQ7JUTx5e441b5d6c6c42619f5148550a300207SEA8kBUTkEIW4CgAPcbH.jpg\",\"datePublished\":\"2020-10-07T13:35:10+00:00\",\"dateModified\":\"2020-10-07T13:36:09+00:00\",\"breadcrumb\":{\"@id\":\"https:\/\/www.raschella.ca\/non-classe\/est-ce-mieux-de-vendre-sa-propriete-avant-den-acheter-une-nouvelle\/#breadcrumb\"},\"inLanguage\":\"en-US\",\"potentialAction\":[{\"@type\":\"ReadAction\",\"target\":[\"https:\/\/www.raschella.ca\/non-classe\/est-ce-mieux-de-vendre-sa-propriete-avant-den-acheter-une-nouvelle\/\"]}]},{\"@type\":\"ImageObject\",\"inLanguage\":\"en-US\",\"@id\":\"https:\/\/www.raschella.ca\/non-classe\/est-ce-mieux-de-vendre-sa-propriete-avant-den-acheter-une-nouvelle\/#primaryimage\",\"url\":\"https:\/\/storage.googleapis.com\/marketplace-public\/articles\/6COCxkoITCDRueQ7JUTx5e441b5d6c6c42619f5148550a300207SEA8kBUTkEIW4CgAPcbH.jpg\",\"contentUrl\":\"https:\/\/storage.googleapis.com\/marketplace-public\/articles\/6COCxkoITCDRueQ7JUTx5e441b5d6c6c42619f5148550a300207SEA8kBUTkEIW4CgAPcbH.jpg\"},{\"@type\":\"BreadcrumbList\",\"@id\":\"https:\/\/www.raschella.ca\/non-classe\/est-ce-mieux-de-vendre-sa-propriete-avant-den-acheter-une-nouvelle\/#breadcrumb\",\"itemListElement\":[{\"@type\":\"ListItem\",\"position\":1,\"name\":\"Accueil\",\"item\":\"https:\/\/www.raschella.ca\/en\/\"},{\"@type\":\"ListItem\",\"position\":2,\"name\":\"Est-ce mieux de vendre sa propri\u00e9t\u00e9 avant d\u2019en acheter une nouvelle?\"}]},{\"@type\":\"WebSite\",\"@id\":\"https:\/\/www.raschella.ca\/en\/#website\",\"url\":\"https:\/\/www.raschella.ca\/en\/\",\"name\":\"Charles Raschella - Remax Qu\u00e9bec\",\"description\":\"Real Estate Broker\",\"publisher\":{\"@id\":\"https:\/\/www.raschella.ca\/en\/#organization\"},\"potentialAction\":[{\"@type\":\"SearchAction\",\"target\":{\"@type\":\"EntryPoint\",\"urlTemplate\":\"https:\/\/www.raschella.ca\/en\/?s={search_term_string}\"},\"query-input\":{\"@type\":\"PropertyValueSpecification\",\"valueRequired\":true,\"valueName\":\"search_term_string\"}}],\"inLanguage\":\"en-US\"},{\"@type\":\"Organization\",\"@id\":\"https:\/\/www.raschella.ca\/en\/#organization\",\"name\":\"Charles Raschella - Remax Qu\u00e9bec\",\"url\":\"https:\/\/www.raschella.ca\/en\/\",\"logo\":{\"@type\":\"ImageObject\",\"inLanguage\":\"en-US\",\"@id\":\"https:\/\/www.raschella.ca\/en\/#\/schema\/logo\/image\/\",\"url\":\"https:\/\/www.raschella.ca\/files\/2023\/08\/header_kamelo2022.jpg\",\"contentUrl\":\"https:\/\/www.raschella.ca\/files\/2023\/08\/header_kamelo2022.jpg\",\"width\":600,\"height\":420,\"caption\":\"Charles Raschella - Remax Qu\u00e9bec\"},\"image\":{\"@id\":\"https:\/\/www.raschella.ca\/en\/#\/schema\/logo\/image\/\"},\"sameAs\":[\"https:\/\/www.facebook.com\/charlesraschella.remax\",\"https:\/\/www.instagram.com\/charles.j.raschella\/\",\"https:\/\/www.linkedin.com\/in\/charles-raschella-91636317\/\"]},{\"@type\":\"Person\",\"@id\":\"https:\/\/www.raschella.ca\/en\/#\/schema\/person\/1401fdd695e3c07a364b0a942f914432\",\"name\":\"id3tech\",\"image\":{\"@type\":\"ImageObject\",\"inLanguage\":\"en-US\",\"@id\":\"https:\/\/www.raschella.ca\/en\/#\/schema\/person\/image\/\",\"url\":\"https:\/\/secure.gravatar.com\/avatar\/ed4063ef12d7d2c6506f9a43422a1e20a4863a62e50d6d9dab981bea03ba030d?s=96&d=mm&r=g\",\"contentUrl\":\"https:\/\/secure.gravatar.com\/avatar\/ed4063ef12d7d2c6506f9a43422a1e20a4863a62e50d6d9dab981bea03ba030d?s=96&d=mm&r=g\",\"caption\":\"id3tech\"},\"url\":\"https:\/\/www.raschella.ca\/en\/author\/id3tech\/\"}]}<\/script>\n<!-- \/ Yoast SEO plugin. -->","yoast_head_json":{"title":"(Fran\u00e7ais) Est-ce mieux de vendre sa propri\u00e9t\u00e9 avant d\u2019en acheter une nouvelle? - Charles Raschella - Remax Qu\u00e9bec","robots":{"index":"index","follow":"follow","max-snippet":"max-snippet:-1","max-image-preview":"max-image-preview:large","max-video-preview":"max-video-preview:-1"},"canonical":"https:\/\/www.raschella.ca\/non-classe\/est-ce-mieux-de-vendre-sa-propriete-avant-den-acheter-une-nouvelle\/","og_locale":"en_US","og_type":"article","og_title":"(Fran\u00e7ais) Est-ce mieux de vendre sa propri\u00e9t\u00e9 avant d\u2019en acheter une nouvelle? - Charles Raschella - Remax Qu\u00e9bec","og_description":"Sorry, this entry is only available in Fran\u00e7ais.","og_url":"https:\/\/www.raschella.ca\/non-classe\/est-ce-mieux-de-vendre-sa-propriete-avant-den-acheter-une-nouvelle\/","og_site_name":"Charles Raschella - Remax Qu\u00e9bec","article_publisher":"https:\/\/www.facebook.com\/charlesraschella.remax","article_published_time":"2020-10-07T13:35:10+00:00","article_modified_time":"2020-10-07T13:36:09+00:00","og_image":[{"url":"https:\/\/www.raschella.ca\/files\/2023\/08\/header_kamelo2022.jpg","type":"","width":"","height":""},{"url":"https:\/\/storage.googleapis.com\/marketplace-public\/articles\/6COCxkoITCDRueQ7JUTx5e441b5d6c6c42619f5148550a300207SEA8kBUTkEIW4CgAPcbH.jpg","type":"","width":"","height":""}],"author":"id3tech","twitter_card":"summary_large_image","twitter_image":"https:\/\/www.raschella.ca\/files\/2023\/08\/header_kamelo2022.jpg","twitter_misc":{"Written by":"id3tech","Est. reading time":"3 minutes"},"schema":{"@context":"https:\/\/schema.org","@graph":[{"@type":"Article","@id":"https:\/\/www.raschella.ca\/non-classe\/est-ce-mieux-de-vendre-sa-propriete-avant-den-acheter-une-nouvelle\/#article","isPartOf":{"@id":"https:\/\/www.raschella.ca\/non-classe\/est-ce-mieux-de-vendre-sa-propriete-avant-den-acheter-une-nouvelle\/"},"author":{"name":"id3tech","@id":"https:\/\/www.raschella.ca\/en\/#\/schema\/person\/1401fdd695e3c07a364b0a942f914432"},"headline":"(Fran\u00e7ais) Est-ce mieux de vendre sa propri\u00e9t\u00e9 avant d\u2019en acheter une nouvelle?","datePublished":"2020-10-07T13:35:10+00:00","dateModified":"2020-10-07T13:36:09+00:00","mainEntityOfPage":{"@id":"https:\/\/www.raschella.ca\/non-classe\/est-ce-mieux-de-vendre-sa-propriete-avant-den-acheter-une-nouvelle\/"},"wordCount":706,"commentCount":0,"publisher":{"@id":"https:\/\/www.raschella.ca\/en\/#organization"},"image":{"@id":"https:\/\/www.raschella.ca\/non-classe\/est-ce-mieux-de-vendre-sa-propriete-avant-den-acheter-une-nouvelle\/#primaryimage"},"thumbnailUrl":"https:\/\/storage.googleapis.com\/marketplace-public\/articles\/6COCxkoITCDRueQ7JUTx5e441b5d6c6c42619f5148550a300207SEA8kBUTkEIW4CgAPcbH.jpg","articleSection":["Non class\u00e9"],"inLanguage":"en-US","potentialAction":[{"@type":"CommentAction","name":"Comment","target":["https:\/\/www.raschella.ca\/non-classe\/est-ce-mieux-de-vendre-sa-propriete-avant-den-acheter-une-nouvelle\/#respond"]}]},{"@type":"WebPage","@id":"https:\/\/www.raschella.ca\/non-classe\/est-ce-mieux-de-vendre-sa-propriete-avant-den-acheter-une-nouvelle\/","url":"https:\/\/www.raschella.ca\/non-classe\/est-ce-mieux-de-vendre-sa-propriete-avant-den-acheter-une-nouvelle\/","name":"[:fr]Est-ce mieux de vendre sa propri\u00e9t\u00e9 avant d\u2019en acheter une nouvelle?[:] - Charles Raschella - Remax Qu\u00e9bec","isPartOf":{"@id":"https:\/\/www.raschella.ca\/en\/#website"},"primaryImageOfPage":{"@id":"https:\/\/www.raschella.ca\/non-classe\/est-ce-mieux-de-vendre-sa-propriete-avant-den-acheter-une-nouvelle\/#primaryimage"},"image":{"@id":"https:\/\/www.raschella.ca\/non-classe\/est-ce-mieux-de-vendre-sa-propriete-avant-den-acheter-une-nouvelle\/#primaryimage"},"thumbnailUrl":"https:\/\/storage.googleapis.com\/marketplace-public\/articles\/6COCxkoITCDRueQ7JUTx5e441b5d6c6c42619f5148550a300207SEA8kBUTkEIW4CgAPcbH.jpg","datePublished":"2020-10-07T13:35:10+00:00","dateModified":"2020-10-07T13:36:09+00:00","breadcrumb":{"@id":"https:\/\/www.raschella.ca\/non-classe\/est-ce-mieux-de-vendre-sa-propriete-avant-den-acheter-une-nouvelle\/#breadcrumb"},"inLanguage":"en-US","potentialAction":[{"@type":"ReadAction","target":["https:\/\/www.raschella.ca\/non-classe\/est-ce-mieux-de-vendre-sa-propriete-avant-den-acheter-une-nouvelle\/"]}]},{"@type":"ImageObject","inLanguage":"en-US","@id":"https:\/\/www.raschella.ca\/non-classe\/est-ce-mieux-de-vendre-sa-propriete-avant-den-acheter-une-nouvelle\/#primaryimage","url":"https:\/\/storage.googleapis.com\/marketplace-public\/articles\/6COCxkoITCDRueQ7JUTx5e441b5d6c6c42619f5148550a300207SEA8kBUTkEIW4CgAPcbH.jpg","contentUrl":"https:\/\/storage.googleapis.com\/marketplace-public\/articles\/6COCxkoITCDRueQ7JUTx5e441b5d6c6c42619f5148550a300207SEA8kBUTkEIW4CgAPcbH.jpg"},{"@type":"BreadcrumbList","@id":"https:\/\/www.raschella.ca\/non-classe\/est-ce-mieux-de-vendre-sa-propriete-avant-den-acheter-une-nouvelle\/#breadcrumb","itemListElement":[{"@type":"ListItem","position":1,"name":"Accueil","item":"https:\/\/www.raschella.ca\/en\/"},{"@type":"ListItem","position":2,"name":"Est-ce mieux de vendre sa propri\u00e9t\u00e9 avant d\u2019en acheter une nouvelle?"}]},{"@type":"WebSite","@id":"https:\/\/www.raschella.ca\/en\/#website","url":"https:\/\/www.raschella.ca\/en\/","name":"Charles Raschella - Remax Qu\u00e9bec","description":"Real Estate Broker","publisher":{"@id":"https:\/\/www.raschella.ca\/en\/#organization"},"potentialAction":[{"@type":"SearchAction","target":{"@type":"EntryPoint","urlTemplate":"https:\/\/www.raschella.ca\/en\/?s={search_term_string}"},"query-input":{"@type":"PropertyValueSpecification","valueRequired":true,"valueName":"search_term_string"}}],"inLanguage":"en-US"},{"@type":"Organization","@id":"https:\/\/www.raschella.ca\/en\/#organization","name":"Charles Raschella - Remax Qu\u00e9bec","url":"https:\/\/www.raschella.ca\/en\/","logo":{"@type":"ImageObject","inLanguage":"en-US","@id":"https:\/\/www.raschella.ca\/en\/#\/schema\/logo\/image\/","url":"https:\/\/www.raschella.ca\/files\/2023\/08\/header_kamelo2022.jpg","contentUrl":"https:\/\/www.raschella.ca\/files\/2023\/08\/header_kamelo2022.jpg","width":600,"height":420,"caption":"Charles Raschella - Remax Qu\u00e9bec"},"image":{"@id":"https:\/\/www.raschella.ca\/en\/#\/schema\/logo\/image\/"},"sameAs":["https:\/\/www.facebook.com\/charlesraschella.remax","https:\/\/www.instagram.com\/charles.j.raschella\/","https:\/\/www.linkedin.com\/in\/charles-raschella-91636317\/"]},{"@type":"Person","@id":"https:\/\/www.raschella.ca\/en\/#\/schema\/person\/1401fdd695e3c07a364b0a942f914432","name":"id3tech","image":{"@type":"ImageObject","inLanguage":"en-US","@id":"https:\/\/www.raschella.ca\/en\/#\/schema\/person\/image\/","url":"https:\/\/secure.gravatar.com\/avatar\/ed4063ef12d7d2c6506f9a43422a1e20a4863a62e50d6d9dab981bea03ba030d?s=96&d=mm&r=g","contentUrl":"https:\/\/secure.gravatar.com\/avatar\/ed4063ef12d7d2c6506f9a43422a1e20a4863a62e50d6d9dab981bea03ba030d?s=96&d=mm&r=g","caption":"id3tech"},"url":"https:\/\/www.raschella.ca\/en\/author\/id3tech\/"}]}},"_links":{"self":[{"href":"https:\/\/www.raschella.ca\/en\/wp-json\/wp\/v2\/posts\/1694","targetHints":{"allow":["GET"]}}],"collection":[{"href":"https:\/\/www.raschella.ca\/en\/wp-json\/wp\/v2\/posts"}],"about":[{"href":"https:\/\/www.raschella.ca\/en\/wp-json\/wp\/v2\/types\/post"}],"author":[{"embeddable":true,"href":"https:\/\/www.raschella.ca\/en\/wp-json\/wp\/v2\/users\/121"}],"replies":[{"embeddable":true,"href":"https:\/\/www.raschella.ca\/en\/wp-json\/wp\/v2\/comments?post=1694"}],"version-history":[{"count":1,"href":"https:\/\/www.raschella.ca\/en\/wp-json\/wp\/v2\/posts\/1694\/revisions"}],"predecessor-version":[{"id":1695,"href":"https:\/\/www.raschella.ca\/en\/wp-json\/wp\/v2\/posts\/1694\/revisions\/1695"}],"wp:attachment":[{"href":"https:\/\/www.raschella.ca\/en\/wp-json\/wp\/v2\/media?parent=1694"}],"wp:term":[{"taxonomy":"category","embeddable":true,"href":"https:\/\/www.raschella.ca\/en\/wp-json\/wp\/v2\/categories?post=1694"},{"taxonomy":"post_tag","embeddable":true,"href":"https:\/\/www.raschella.ca\/en\/wp-json\/wp\/v2\/tags?post=1694"}],"curies":[{"name":"wp","href":"https:\/\/api.w.org\/{rel}","templated":true}]}}